{"id":4555,"date":"2024-05-05T12:54:29","date_gmt":"2024-05-05T10:54:29","guid":{"rendered":"https:\/\/cpirulegi.educacion.navarra.es\/web\/?p=4555"},"modified":"2024-05-05T12:55:17","modified_gmt":"2024-05-05T10:55:17","slug":"alumnado-de-2o-de-educacion-primaria-en-lacturale","status":"publish","type":"post","link":"https:\/\/cpirulegi.educacion.navarra.es\/web\/es\/blog\/alumnado-de-2o-de-educacion-primaria-en-lacturale\/","title":{"rendered":"Alumnado de 2\u00ba de Educaci\u00f3n Primaria en Lacturale"},"content":{"rendered":"\n<p>El alumnado de Segundo de Educaci\u00f3n Primaria ha estado en Lacturale. Han aprendido muchas cosas y aqu\u00ed ten\u00e9is un video donde nos cuentan todo lo que han aprendido. <\/p>\n\n\n\n<figure class=\"wp-block-embed is-type-video is-provider-youtube wp-block-embed-youtube wp-embed-aspect-16-9 wp-has-aspect-ratio\"><div class=\"wp-block-embed__wrapper\">\n<iframe title=\"Iraia, Xabi, Bihotz eta Aitor Lacturalen\" width=\"500\" height=\"281\" src=\"https:\/\/www.youtube.com\/embed\/3wJiuPohW8A?feature=oembed\" frameborder=\"0\" allow=\"accelerometer; autoplay; clipboard-write; encrypted-media; gyroscope; picture-in-picture; web-share\" referrerpolicy=\"strict-origin-when-cross-origin\" allowfullscreen><\/iframe>\n<\/div><\/figure>\n","protected":false},"excerpt":{"rendered":"<p>El alumnado de Segundo de Educaci\u00f3n Primaria ha estado en Lacturale. Han aprendido muchas cosas y aqu\u00ed ten\u00e9is un video donde nos cuentan todo lo que han aprendido.<\/p>\n","protected":false},"author":1,"featured_media":4552,"comment_status":"open","ping_status":"open","sticky":false,"template":"","format":"standard","meta":{"_genesis_hide_title":false,"_genesis_hide_breadcrumbs":false,"_genesis_hide_singular_image":false,"_genesis_hide_footer_widgets":false,"_genesis_custom_body_class":"","_genesis_custom_post_class":"","_genesis_layout":"","footnotes":""},"categories":[1],"tags":[],"_links":{"self":[{"href":"https:\/\/cpirulegi.educacion.navarra.es\/web\/es\/wp-json\/wp\/v2\/posts\/4555"}],"collection":[{"href":"https:\/\/cpirulegi.educacion.navarra.es\/web\/es\/wp-json\/wp\/v2\/posts"}],"about":[{"href":"https:\/\/cpirulegi.educacion.navarra.es\/web\/es\/wp-json\/wp\/v2\/types\/post"}],"author":[{"embeddable":true,"href":"https:\/\/cpirulegi.educacion.navarra.es\/web\/es\/wp-json\/wp\/v2\/users\/1"}],"replies":[{"embeddable":true,"href":"https:\/\/cpirulegi.educacion.navarra.es\/web\/es\/wp-json\/wp\/v2\/comments?post=4555"}],"version-history":[{"count":2,"href":"https:\/\/cpirulegi.educacion.navarra.es\/web\/es\/wp-json\/wp\/v2\/posts\/4555\/revisions"}],"predecessor-version":[{"id":4557,"href":"https:\/\/cpirulegi.educacion.navarra.es\/web\/es\/wp-json\/wp\/v2\/posts\/4555\/revisions\/4557"}],"wp:featuredmedia":[{"embeddable":true,"href":"https:\/\/cpirulegi.educacion.navarra.es\/web\/es\/wp-json\/wp\/v2\/media\/4552"}],"wp:attachment":[{"href":"https:\/\/cpirulegi.educacion.navarra.es\/web\/es\/wp-json\/wp\/v2\/media?parent=4555"}],"wp:term":[{"taxonomy":"category","embeddable":true,"href":"https:\/\/cpirulegi.educacion.navarra.es\/web\/es\/wp-json\/wp\/v2\/categories?post=4555"},{"taxonomy":"post_tag","embeddable":true,"href":"https:\/\/cpirulegi.educacion.navarra.es\/web\/es\/wp-json\/wp\/v2\/tags?post=4555"}],"curies":[{"name":"wp","href":"https:\/\/api.w.org\/{rel}","templated":true}]}}